{"id":1,"date":"2022-01-19T22:29:28","date_gmt":"2022-01-19T22:29:28","guid":{"rendered":"http:\/\/jochendallmer.net\/referenzen\/?p=1"},"modified":"2022-04-03T20:41:51","modified_gmt":"2022-04-03T20:41:51","slug":"hello-world","status":"publish","type":"post","link":"https:\/\/jochendallmer.net\/referenzen\/2022\/01\/19\/hello-world\/","title":{"rendered":"WELTbewusst"},"content":{"rendered":"\n<ul class=\"wp-block-list\"><li>Leitung des bundesweiten Bildungsprojektes WELTbewusst zu nachhaltigem<br>Konsum und Globalisierung, bundesweit, 2010-2012<\/li><li>Kooperationsprojekt der BUNDjugend und Weltladen Dachverband<\/li><li>Konzeptentwicklung und erfolgreiche Beantragung von F\u00f6rdergeldern (F\u00f6rderer BMZ)<\/li><li>Erstellung von Bildungsmaterialien und Infobrosch\u00fcre (siehe unten)<\/li><li>Konzeption und Durchf\u00fchrung von Multiplikator*innen-Schulungen.<\/li><li>Betreuung von bis zu 50 Gruppen mit ehrenamtlich Aktiven bundesweit.<\/li><li>Konzeption und Durchf\u00fchrung von bundesweiten Vernetzungstreffen mit \u00fcber 50 Teilnehmenden.<\/li><li>Erstellung einer Handreichung f\u00fcr MultiplikatorInnen (ca. 100 Seiten) mit thematischen Hintergr\u00fcnden, methodischen Anleitungen und organisatorischen Empfehlungen.<\/li><li>Pr\u00e4sentation des Projektes bei Tagungen und Konferenzen. <\/li><li>Mehrfache Auszeichnung als good-practice Projekt.<\/li><\/ul>\n\n\n\n<div class=\"wp-block-media-text alignwide is-stacked-on-mobile\" style=\"grid-template-columns:37% auto\"><figure class=\"wp-block-media-text__media\"><a href=\"http:\/\/www.weltbewusst.org\/wp-content\/uploads\/2015\/11\/Pixheft-2011-web.pdf\"><img loading=\"lazy\" decoding=\"async\" width=\"625\" height=\"625\" src=\"http:\/\/jochendallmer.net\/referenzen\/wp-content\/uploads\/2022\/04\/Cover-pixi-WELTbewusst.png\" alt=\"\" class=\"wp-image-247 size-full\" srcset=\"https:\/\/jochendallmer.net\/referenzen\/wp-content\/uploads\/2022\/04\/Cover-pixi-WELTbewusst.png 625w, https:\/\/jochendallmer.net\/referenzen\/wp-content\/uploads\/2022\/04\/Cover-pixi-WELTbewusst-300x300.png 300w, https:\/\/jochendallmer.net\/referenzen\/wp-content\/uploads\/2022\/04\/Cover-pixi-WELTbewusst-150x150.png 150w, https:\/\/jochendallmer.net\/referenzen\/wp-content\/uploads\/2022\/04\/Cover-pixi-WELTbewusst-360x360.png 360w\" sizes=\"auto, (max-width: 625px) 100vw, 625px\" \/><\/a><\/figure><div class=\"wp-block-media-text__content\">\n<p style=\"font-size:14px\">Begleitbrosch\u00fcre zum Projekt im Pixi-Format f\u00fcr die Hosentasche (pdf).<br>(Auch auf <em><a href=\"http:\/\/jochendallmer.net\/referenzen\/wp-content\/uploads\/2022\/04\/Dunyayi-Tuketme_booklet.pdf\" target=\"_blank\" rel=\"noreferrer noopener\">T\u00fcrkisch <\/a><\/em>verf\u00fcgbar!)<\/p>\n<\/div><\/div>\n\n\n\n<div class=\"wp-block-media-text alignwide is-stacked-on-mobile\" style=\"grid-template-columns:54% auto\"><figure class=\"wp-block-media-text__media\"><img loading=\"lazy\" decoding=\"async\" width=\"1024\" height=\"199\" src=\"http:\/\/jochendallmer.net\/referenzen\/wp-content\/uploads\/2022\/04\/weltbewusst-schrift-1024x199.jpg\" alt=\"\" class=\"wp-image-241 size-full\" srcset=\"https:\/\/jochendallmer.net\/referenzen\/wp-content\/uploads\/2022\/04\/weltbewusst-schrift-1024x199.jpg 1024w, https:\/\/jochendallmer.net\/referenzen\/wp-content\/uploads\/2022\/04\/weltbewusst-schrift-300x58.jpg 300w, https:\/\/jochendallmer.net\/referenzen\/wp-content\/uploads\/2022\/04\/weltbewusst-schrift-768x150.jpg 768w, https:\/\/jochendallmer.net\/referenzen\/wp-content\/uploads\/2022\/04\/weltbewusst-schrift-700x136.jpg 700w, https:\/\/jochendallmer.net\/referenzen\/wp-content\/uploads\/2022\/04\/weltbewusst-schrift.jpg 1119w\" sizes=\"auto, (max-width: 1024px) 100vw, 1024px\" \/><\/figure><div class=\"wp-block-media-text__content\">\n<p class=\"has-small-font-size\">Die eigene Projektwebsite ist nicht mehr Online. Aktuelle Infos zum Projekt unter:<br><a rel=\"noreferrer noopener\" href=\"https:\/\/www.bundjugend.de\/projekte\/weltbewusst\/\" target=\"_blank\">https:\/\/www.bundjugend.de\/projekte\/weltbewusst\/<\/a><\/p>\n<\/div><\/div>\n\n\n\n<figure class=\"wp-block-gallery has-nested-images columns-default is-cropped wp-block-gallery-1 is-layout-flex wp-block-gallery-is-layout-flex\">\n<figure class=\"wp-block-image size-large\"><img loading=\"lazy\" decoding=\"async\" width=\"2560\" height=\"1707\" data-id=\"242\" src=\"http:\/\/jochendallmer.net\/referenzen\/wp-content\/uploads\/2022\/04\/WELTbewusst-Stadtrundgang-1-scaled.jpg\" alt=\"\" class=\"wp-image-242\" srcset=\"https:\/\/jochendallmer.net\/referenzen\/wp-content\/uploads\/2022\/04\/WELTbewusst-Stadtrundgang-1-scaled.jpg 2560w, https:\/\/jochendallmer.net\/referenzen\/wp-content\/uploads\/2022\/04\/WELTbewusst-Stadtrundgang-1-300x200.jpg 300w, https:\/\/jochendallmer.net\/referenzen\/wp-content\/uploads\/2022\/04\/WELTbewusst-Stadtrundgang-1-1024x683.jpg 1024w, https:\/\/jochendallmer.net\/referenzen\/wp-content\/uploads\/2022\/04\/WELTbewusst-Stadtrundgang-1-768x512.jpg 768w, https:\/\/jochendallmer.net\/referenzen\/wp-content\/uploads\/2022\/04\/WELTbewusst-Stadtrundgang-1-1536x1024.jpg 1536w, https:\/\/jochendallmer.net\/referenzen\/wp-content\/uploads\/2022\/04\/WELTbewusst-Stadtrundgang-1-2048x1365.jpg 2048w, https:\/\/jochendallmer.net\/referenzen\/wp-content\/uploads\/2022\/04\/WELTbewusst-Stadtrundgang-1-700x467.jpg 700w\" sizes=\"auto, (max-width: 2560px) 100vw, 2560px\" \/><\/figure>\n\n\n\n<figure class=\"wp-block-image size-large\"><img loading=\"lazy\" decoding=\"async\" width=\"2560\" height=\"1707\" data-id=\"246\" src=\"http:\/\/jochendallmer.net\/referenzen\/wp-content\/uploads\/2022\/04\/WELTbewusst-Stadtrundgang-5-scaled.jpg\" alt=\"\" class=\"wp-image-246\" srcset=\"https:\/\/jochendallmer.net\/referenzen\/wp-content\/uploads\/2022\/04\/WELTbewusst-Stadtrundgang-5-scaled.jpg 2560w, https:\/\/jochendallmer.net\/referenzen\/wp-content\/uploads\/2022\/04\/WELTbewusst-Stadtrundgang-5-300x200.jpg 300w, https:\/\/jochendallmer.net\/referenzen\/wp-content\/uploads\/2022\/04\/WELTbewusst-Stadtrundgang-5-1024x683.jpg 1024w, https:\/\/jochendallmer.net\/referenzen\/wp-content\/uploads\/2022\/04\/WELTbewusst-Stadtrundgang-5-768x512.jpg 768w, https:\/\/jochendallmer.net\/referenzen\/wp-content\/uploads\/2022\/04\/WELTbewusst-Stadtrundgang-5-1536x1024.jpg 1536w, https:\/\/jochendallmer.net\/referenzen\/wp-content\/uploads\/2022\/04\/WELTbewusst-Stadtrundgang-5-2048x1365.jpg 2048w, https:\/\/jochendallmer.net\/referenzen\/wp-content\/uploads\/2022\/04\/WELTbewusst-Stadtrundgang-5-700x467.jpg 700w\" sizes=\"auto, (max-width: 2560px) 100vw, 2560px\" \/><\/figure>\n\n\n\n<figure class=\"wp-block-image size-large\"><img loading=\"lazy\" decoding=\"async\" width=\"2560\" height=\"1707\" data-id=\"244\" src=\"http:\/\/jochendallmer.net\/referenzen\/wp-content\/uploads\/2022\/04\/WELTbewusst-Stadtrundgang-3-scaled.jpg\" alt=\"\" class=\"wp-image-244\" srcset=\"https:\/\/jochendallmer.net\/referenzen\/wp-content\/uploads\/2022\/04\/WELTbewusst-Stadtrundgang-3-scaled.jpg 2560w, https:\/\/jochendallmer.net\/referenzen\/wp-content\/uploads\/2022\/04\/WELTbewusst-Stadtrundgang-3-300x200.jpg 300w, https:\/\/jochendallmer.net\/referenzen\/wp-content\/uploads\/2022\/04\/WELTbewusst-Stadtrundgang-3-1024x683.jpg 1024w, https:\/\/jochendallmer.net\/referenzen\/wp-content\/uploads\/2022\/04\/WELTbewusst-Stadtrundgang-3-768x512.jpg 768w, https:\/\/jochendallmer.net\/referenzen\/wp-content\/uploads\/2022\/04\/WELTbewusst-Stadtrundgang-3-1536x1024.jpg 1536w, https:\/\/jochendallmer.net\/referenzen\/wp-content\/uploads\/2022\/04\/WELTbewusst-Stadtrundgang-3-2048x1365.jpg 2048w, https:\/\/jochendallmer.net\/referenzen\/wp-content\/uploads\/2022\/04\/WELTbewusst-Stadtrundgang-3-700x467.jpg 700w\" sizes=\"auto, (max-width: 2560px) 100vw, 2560px\" \/><\/figure>\n\n\n\n<figure class=\"wp-block-image size-large\"><img loading=\"lazy\" decoding=\"async\" width=\"1224\" height=\"1474\" data-id=\"243\" src=\"http:\/\/jochendallmer.net\/referenzen\/wp-content\/uploads\/2022\/04\/WELTbewusst-Stadtrundgang-2.jpg\" alt=\"\" class=\"wp-image-243\" srcset=\"https:\/\/jochendallmer.net\/referenzen\/wp-content\/uploads\/2022\/04\/WELTbewusst-Stadtrundgang-2.jpg 1224w, https:\/\/jochendallmer.net\/referenzen\/wp-content\/uploads\/2022\/04\/WELTbewusst-Stadtrundgang-2-249x300.jpg 249w, https:\/\/jochendallmer.net\/referenzen\/wp-content\/uploads\/2022\/04\/WELTbewusst-Stadtrundgang-2-850x1024.jpg 850w, https:\/\/jochendallmer.net\/referenzen\/wp-content\/uploads\/2022\/04\/WELTbewusst-Stadtrundgang-2-768x925.jpg 768w, https:\/\/jochendallmer.net\/referenzen\/wp-content\/uploads\/2022\/04\/WELTbewusst-Stadtrundgang-2-700x843.jpg 700w\" sizes=\"auto, (max-width: 1224px) 100vw, 1224px\" \/><\/figure>\n<\/figure>\n\n\n\n<p><\/p>\n","protected":false},"excerpt":{"rendered":"<p>Leitung des bundesweiten Bildungsprojektes WELTbewusst zu nachhaltigemKonsum und Globalisierung, bundesweit, 2010-2012 Kooperationsprojekt der BUNDjugend und Weltladen Dachverband Konzeptentwicklung und erfolgreiche Beantragung von F\u00f6rdergeldern (F\u00f6rderer BMZ) Erstellung von Bildungsmaterialien und Infobrosch\u00fcre (siehe unten) Konzeption und Durchf\u00fchrung von Multiplikator*innen-Schulungen. Betreuung von bis zu 50 Gruppen mit ehrenamtlich Aktiven bundesweit. Konzeption und Durchf\u00fchrung von bundesweiten Vernetzungstreffen mit \u00fcber [&hellip;]<\/p>\n","protected":false},"author":1,"featured_media":11,"comment_status":"closed","ping_status":"closed","sticky":false,"template":"","format":"standard","meta":{"footnotes":""},"categories":[1],"tags":[5,6,4],"class_list":["post-1","post","type-post","status-publish","format-standard","has-post-thumbnail","hentry","category-uncategorized","tag-bne","tag-fortbildung","tag-projektleitung"],"_links":{"self":[{"href":"https:\/\/jochendallmer.net\/referenzen\/wp-json\/wp\/v2\/posts\/1","targetHints":{"allow":["GET"]}}],"collection":[{"href":"https:\/\/jochendallmer.net\/referenzen\/wp-json\/wp\/v2\/posts"}],"about":[{"href":"https:\/\/jochendallmer.net\/referenzen\/wp-json\/wp\/v2\/types\/post"}],"author":[{"embeddable":true,"href":"https:\/\/jochendallmer.net\/referenzen\/wp-json\/wp\/v2\/users\/1"}],"replies":[{"embeddable":true,"href":"https:\/\/jochendallmer.net\/referenzen\/wp-json\/wp\/v2\/comments?post=1"}],"version-history":[{"count":5,"href":"https:\/\/jochendallmer.net\/referenzen\/wp-json\/wp\/v2\/posts\/1\/revisions"}],"predecessor-version":[{"id":253,"href":"https:\/\/jochendallmer.net\/referenzen\/wp-json\/wp\/v2\/posts\/1\/revisions\/253"}],"wp:featuredmedia":[{"embeddable":true,"href":"https:\/\/jochendallmer.net\/referenzen\/wp-json\/wp\/v2\/media\/11"}],"wp:attachment":[{"href":"https:\/\/jochendallmer.net\/referenzen\/wp-json\/wp\/v2\/media?parent=1"}],"wp:term":[{"taxonomy":"category","embeddable":true,"href":"https:\/\/jochendallmer.net\/referenzen\/wp-json\/wp\/v2\/categories?post=1"},{"taxonomy":"post_tag","embeddable":true,"href":"https:\/\/jochendallmer.net\/referenzen\/wp-json\/wp\/v2\/tags?post=1"}],"curies":[{"name":"wp","href":"https:\/\/api.w.org\/{rel}","templated":true}]}}